{"id":116,"date":"2016-12-19T11:49:57","date_gmt":"2016-12-19T11:49:57","guid":{"rendered":"http:\/\/krischan.net\/?p=116"},"modified":"2017-10-15T22:14:03","modified_gmt":"2017-10-15T22:14:03","slug":"sv-darmstadt-fc-bayern-01","status":"publish","type":"post","link":"http:\/\/krischan.net\/?p=116","title":{"rendered":"SV Darmstadt &#8211; FC Bayern 0:1"},"content":{"rendered":"<p>Gestern spielte Bayern M\u00fcnchen ausw\u00e4rts in Darmstadt gegen die &#8222;Lilien&#8220;, wie der SV Darmstadt 98 von seinen Fans genannt wird. Da Darmstadt nur rund 60 Kilometer von meinem Wohnort entfernt ist, habe ich mich nach S\u00fcdhessen aufgemacht, um dem Spiel im Stadion beizuwohnen. Das &#8222;Jonathan-Heimes-Stadion am B\u00f6llenfalltor&#8220;, wie es zu Ehren eines im M\u00e4rz 2016 im Alter von 26 Jahren an Krebs verstorbenen Darmst\u00e4dter Fans zeitweilig benannt ist, war nat\u00fcrlich mit 17400 Zuschauern restlos ausverkauft. Das Darmst\u00e4dter Chemie- und Pharma-Unternehmen Merck verzichtete f\u00fcr die Saison 2016\/2017 auf das Namensrecht am Stadion, um Jonathan Heimes zu w\u00fcrdigen.<\/p>\n<p><a href=\"http:\/\/krischan.net\/wp-content\/uploads\/2017\/01\/svdarmstadt-bayern-b\u00f6llenfalltor.jpg\" data-rel=\"lightbox-image-0\" data-rl_title=\"Blick von der neu erstellten S\u00fcdtrib\u00fcne im Stadion am B\u00f6llenfalltor\" data-rl_caption=\"\" title=\"Blick von der neu erstellten S\u00fcdtrib\u00fcne im Stadion am B\u00f6llenfalltor\"><img decoding=\"async\" src=\"http:\/\/krischan.net\/wp-content\/uploads\/2017\/01\/svdarmstadt-bayern-b\u00f6llenfalltor.jpg\" alt=\"Blick von der neu erstellten S\u00fcdtrib\u00fcne in Darmstadt\" \/><\/a><\/p>\n<p>Wenn man sich im Vorfeld die Tabelle angesehen hat, ging man von klaren Verh\u00e4ltnissen aus. Tabellen-Zweiter gegen den Tabellen-Letzten, Gro\u00df gegen Klein. Aber schon vom Ansto\u00df weg wurde man eines Besseren belehrt. Arturo Vidal spielt mit einem missgl\u00fcckten Pass den Ball in die Beine des starken Darmst\u00e4dters Marcel Heller. Der daraus resultierende Angriff h\u00e4tte fast schon nach 25 Sekunden zur F\u00fchrung f\u00fcr Darmstadt gereicht, als Sandro Sirigus Schuss in letzter Sekunde von Thiago abgewehrt werden konnte. In der ersten Halbzeit waren Torchancen auf Seiten der Bayern Mangelware, auf der anderen Seite erspielte sich Darmstadt mehrere gute Torgelegenheiten.<\/p>\n<p>Auch in der zweiten Halbzeit hatte der FCB zwar mehr Spielanteile, konnte dies aber nicht in Tore umm\u00fcnzen. Der SV Darmstadt hielt mit gro\u00dfem Kampf dagegen. So bedurfte es auch einer Einzelaktion von Douglas Costa, der in der 71. Minute mit einem sehenswerten Distanzschuss aus 30 Metern das Tor des Tages erzielte, als er den Ball mit Wucht unter die gegnerische Latte zimmerte.<\/p>\n<p>Unter dem Strich muss man festhalten, dass sich Darmstadt einen Punkt verdient gehabt h\u00e4tte. Das n\u00f6tige Gl\u00fcck dazu war ihnen aber am Sonntag nicht verg\u00f6nnt. Bayern M\u00fcnchen nahm die drei Punkte glanzlos mit, und steuert nun zum gro\u00dfen Gipfeltreffen um Platz eins gegen RB Leipzig am kommenden Mittwoch in der M\u00fcnchener Allianz Arena zu.<\/p>\n","protected":false},"excerpt":{"rendered":"<p>Gestern spielte Bayern M\u00fcnchen ausw\u00e4rts in Darmstadt gegen die &#8222;Lilien&#8220;, wie der SV Darmstadt 98 von seinen Fans genannt wird. Da Darmstadt nur rund 60 Kilometer von meinem Wohnort entfernt ist, habe ich mich nach S\u00fcdhessen aufgemacht, um dem Spiel im Stadion beizuwohnen. Das &#8222;Jonathan-Heimes-Stadion am B\u00f6llenfalltor&#8220;, wie es zu Ehren eines im M\u00e4rz 2016 &hellip; <a href=\"http:\/\/krischan.net\/?p=116\" class=\"more-link\"><span class=\"screen-reader-text\">\u201eSV Darmstadt &#8211; FC Bayern 0:1\u201c <\/span>weiterlesen<\/a><\/p>\n","protected":false},"author":1,"featured_media":0,"comment_status":"closed","ping_status":"open","sticky":false,"template":"","format":"standard","meta":{"footnotes":""},"categories":[5],"tags":[],"class_list":["post-116","post","type-post","status-publish","format-standard","hentry","category-fc-bayern"],"_links":{"self":[{"href":"http:\/\/krischan.net\/index.php?rest_route=\/wp\/v2\/posts\/116","targetHints":{"allow":["GET"]}}],"collection":[{"href":"http:\/\/krischan.net\/index.php?rest_route=\/wp\/v2\/posts"}],"about":[{"href":"http:\/\/krischan.net\/index.php?rest_route=\/wp\/v2\/types\/post"}],"author":[{"embeddable":true,"href":"http:\/\/krischan.net\/index.php?rest_route=\/wp\/v2\/users\/1"}],"replies":[{"embeddable":true,"href":"http:\/\/krischan.net\/index.php?rest_route=%2Fwp%2Fv2%2Fcomments&post=116"}],"version-history":[{"count":20,"href":"http:\/\/krischan.net\/index.php?rest_route=\/wp\/v2\/posts\/116\/revisions"}],"predecessor-version":[{"id":166,"href":"http:\/\/krischan.net\/index.php?rest_route=\/wp\/v2\/posts\/116\/revisions\/166"}],"wp:attachment":[{"href":"http:\/\/krischan.net\/index.php?rest_route=%2Fwp%2Fv2%2Fmedia&parent=116"}],"wp:term":[{"taxonomy":"category","embeddable":true,"href":"http:\/\/krischan.net\/index.php?rest_route=%2Fwp%2Fv2%2Fcategories&post=116"},{"taxonomy":"post_tag","embeddable":true,"href":"http:\/\/krischan.net\/index.php?rest_route=%2Fwp%2Fv2%2Ftags&post=116"}],"curies":[{"name":"wp","href":"https:\/\/api.w.org\/{rel}","templated":true}]}}